{"id":1228,"date":"2026-01-18T22:48:04","date_gmt":"2026-01-18T22:48:04","guid":{"rendered":"https:\/\/copa.dk\/sydoestjylland\/?p=1228"},"modified":"2026-03-15T17:16:15","modified_gmt":"2026-03-15T17:16:15","slug":"referat-fra-bestyrelsesmoede-den-5-januar-2026","status":"publish","type":"post","link":"https:\/\/copa.dk\/sydoestjylland\/referat-fra-bestyrelsesmoede-den-5-januar-2026\/","title":{"rendered":"Referat fra bestyrelsesm\u00f8de den 5. januar 2026"},"content":{"rendered":"<p><strong>Referat fra bestyrelsesm\u00f8de hos Steen Samuelsen den 5. januar 2026<\/strong><br \/>\nTil stede var: Steen Samuelsen, Susanne Jakobsen, Brian Poulsen, Lone N\u00f8rtoft Ravn og Peter Bue<br \/>\nNielsen.<br \/>\n1. <strong>Velkomst, pr\u00e6sentation<\/strong>: Steen b\u00f8d velkommen og \u00f8nskede alle et godt nyt\u00e5r<br \/>\n2. <strong>Godkendelse af dagsorden<\/strong>: Dagsordenen blev godkendt.<br \/>\n3. <strong>Godkendelse og underskrift af referat fra sidste m\u00f8de<\/strong>: Det udsendte referat blev godkendt og<br \/>\nunderskrevet, af de tilstedev\u00e6rende.<br \/>\n4. <strong>Orientering fra formanden<\/strong>: Steen startede med at rose den \u00f8vrige bestyrelse for et godt arbejde<br \/>\ni 2025. Men \u2013 han var samtidig skuffet over, at vi ikke kan tiltr\u00e6kke flere medlemmer til vore<br \/>\narrangementer, til trods for at disse bliver afholdt p\u00e5 forskellige lokationer. Der er blevet ryddet op i<br \/>\nden tidligere formand (Hanne\u00b4s) bo og vi har modtaget forskellige effekter<br \/>\n5. <strong>Orientering fra sekret\u00e6ren<\/strong>: Der er ikke sket \u00e6ndringer i antallet af medlemmer og Peter<br \/>\nrekvirerer opdaterede lister hos sekretariatet\/ COPA inden n\u00e6ste bestyrelsesm\u00f8de.<br \/>\n6. <strong>Orientering fra kassereren<\/strong>: Der er indbetalt \u00a7 18- midler fra Fredericia og Vejle kommune,<br \/>\nHorsens har ogs\u00e5 givet tilsagn om ans\u00f8gte midler. Der planl\u00e6gges budget- og revisionsm\u00f8de<br \/>\nsenere.<br \/>\n7. <strong>Bevillngssager<\/strong>: Steen har gennemg\u00e5et udkast og afgivet \u00e6ndringsforslag til ny f\u00e6lles kommunal<br \/>\nindk\u00f8bsaftale for Esbjerg Kommune, Fan\u00f8 Kommune, Herning Kommune, Middelfart Kommune,<br \/>\nVarde Kommune, Vejen Kommune og Vejle Kommune<br \/>\n8. <strong>R\u00e5dgiverstatus, v. Brian Poulsen<\/strong>: Intet nyt.<br \/>\n9. <strong>Forest\u00e5ende opgaver<\/strong>: \u00c5rsprogram &#8211;<br \/>\na: <span style=\"text-decoration: underline\"><em>Badekursus<\/em><\/span>, \u00a718 midler fra Vejle kommune benyttes hertil, der er lavet aftale med Helle Johannesen, samt en stomisygeplejerske fra Vejle. Som vil<br \/>\nfort\u00e6lle om sikringsprocedurer ved badning med stomi. Sv\u00f8mningen forg\u00e5r p\u00e5 \u201dGulkrog\u201d i Vejle og<br \/>\nkoster kr. 750,- pr time, COPA har egen livredder.<br \/>\nb: <em><span style=\"text-decoration: underline\">Foredrag og generalforsamling<\/span> <\/em>den 28. februar 10.00 \u2013 15.00 i Frivillighedshuset i Kolding.<br \/>\n10.00 \u2013 12.00 er der foredrag om brok ved stomisygeplejerske Lene. Herefter vil ETO, fra Ejby<br \/>\nfort\u00e6lle om stomib\u00e6lter og lingeri, efter m\u00e5l. 12.00 \u2013 13.00 Forplejning\/frokost, budget kr. 125,-<br \/>\npr. deltager (medlemmer skal ikke betale. 13.00 \u2013 15.00 Generalforsamling, som dirigent foresl\u00e5s<br \/>\nBent Holm, Middelfart. Detaljer aftales p\u00e5 n\u00e6ste bestyrelsesm\u00f8de.<br \/>\nc: <span style=\"text-decoration: underline\"><em>Sommerudflugt til Fiskerimuseet i Esbjerg<\/em><\/span> l\u00f8rdag den 13., eller s\u00f8ndag den 14. juni.Brian er<br \/>\ntovholder sammen med Steen.<br \/>\nd: <em><span style=\"text-decoration: underline\">19. september<\/span> <\/em>m\u00f8de i Horsens ved professor Carsten Ren\u00e9 J\u00f8rgensen, der taler om \u201dSkam og<br \/>\ntabu\u201d, afholdes i \u201dSund by\u201d.<br \/>\ne: <em><span style=\"text-decoration: underline\">21. november,<\/span><\/em> julefrokost i Vejle.<br \/>\nf: Steen viste de forskellige effekter fra tidligere formands bo, hvo der var \u201dk\u00e6nguruarmb\u00e5nd\u201d m\/<br \/>\ns\u00f8lvvedh\u00e6ng og \u201dCOPA-poletter til indk\u00f8bsvogne. Susanne unders\u00f8ger regler for salg af<br \/>\nmerchandice.<br \/>\n10. <strong>N\u00e6ste m\u00f8de<\/strong>: Onsdag den 18. februar hos Peter, Godth\u00e5bsvej 13, 7000 Fredericia.<br \/>\n11. <strong>Eventuelt<\/strong>: Steen takkede for et godt m\u00f8de.<br \/>\n____________________ __________________ _____________________<br \/>\nSteen Samuelsen Brian Poulsen Susanne Knudsen<br \/>\nFormand N\u00e6stformand Kasserer<br \/>\n__________________ __________________<br \/>\nPeter Bue Nielsen Lone N\u00f8rtoft Ravn<br \/>\nSekret\u00e6r og referent Bestyrelsesmedlem<\/p>\n","protected":false},"excerpt":{"rendered":"<p>Referat fra bestyrelsesm\u00f8de hos Steen Samuelsen den 5. januar 2026 Til stede var: Steen Samuelsen, Susanne Jakobsen, Brian Poulsen, Lone N\u00f8rtoft Ravn og Peter Bue Nielsen. 1. Velkomst, pr\u00e6sentation: Steen &hellip; <a href=\"https:\/\/copa.dk\/sydoestjylland\/referat-fra-bestyrelsesmoede-den-5-januar-2026\/\" class=\"more-link\">L\u00e6s videre<span class=\"screen-reader-text\"> &#8220;Referat fra bestyrelsesm\u00f8de den 5. januar 2026&#8221;<\/span><\/a><\/p>\n","protected":false},"author":26453,"featured_media":0,"comment_status":"closed","ping_status":"closed","sticky":false,"template":"","format":"standard","meta":{"_acf_changed":false,"footnotes":"","_members_access_role":[],"_members_access_error":"","_links_to":"","_links_to_target":""},"categories":[13],"tags":[],"class_list":["post-1228","post","type-post","status-publish","format-standard","hentry","category-tidligere-nyheder"],"acf":[],"_links":{"self":[{"href":"https:\/\/copa.dk\/sydoestjylland\/wp-json\/wp\/v2\/posts\/1228","targetHints":{"allow":["GET"]}}],"collection":[{"href":"https:\/\/copa.dk\/sydoestjylland\/wp-json\/wp\/v2\/posts"}],"about":[{"href":"https:\/\/copa.dk\/sydoestjylland\/wp-json\/wp\/v2\/types\/post"}],"author":[{"embeddable":true,"href":"https:\/\/copa.dk\/sydoestjylland\/wp-json\/wp\/v2\/users\/26453"}],"replies":[{"embeddable":true,"href":"https:\/\/copa.dk\/sydoestjylland\/wp-json\/wp\/v2\/comments?post=1228"}],"version-history":[{"count":2,"href":"https:\/\/copa.dk\/sydoestjylland\/wp-json\/wp\/v2\/posts\/1228\/revisions"}],"predecessor-version":[{"id":1230,"href":"https:\/\/copa.dk\/sydoestjylland\/wp-json\/wp\/v2\/posts\/1228\/revisions\/1230"}],"wp:attachment":[{"href":"https:\/\/copa.dk\/sydoestjylland\/wp-json\/wp\/v2\/media?parent=1228"}],"wp:term":[{"taxonomy":"category","embeddable":true,"href":"https:\/\/copa.dk\/sydoestjylland\/wp-json\/wp\/v2\/categories?post=1228"},{"taxonomy":"post_tag","embeddable":true,"href":"https:\/\/copa.dk\/sydoestjylland\/wp-json\/wp\/v2\/tags?post=1228"}],"curies":[{"name":"wp","href":"https:\/\/api.w.org\/{rel}","templated":true}]}}