{"id":1193,"date":"2025-04-10T13:19:45","date_gmt":"2025-04-10T13:19:45","guid":{"rendered":"https:\/\/copa.dk\/sydoestjylland\/?p=1193"},"modified":"2025-09-30T06:47:47","modified_gmt":"2025-09-30T06:47:47","slug":"der-har-vaeret-afholdt-generalforsamling-for-2025","status":"publish","type":"post","link":"https:\/\/copa.dk\/sydoestjylland\/der-har-vaeret-afholdt-generalforsamling-for-2025\/","title":{"rendered":"Der har v\u00e6ret afholdt generalforsamling for 2025"},"content":{"rendered":"<p>Referat fra Generalforsamling (GF) 15. marts 2025 kl. 11.00 i Sundhedshuset i Vejle<br \/>\n<strong>1. Valg af dirigent:<\/strong><br \/>\nMogens Bahnsen blev foresl\u00e5et og valgt.<br \/>\n<strong>2. Formanden afl\u00e6gger beretning til godkendelse:<\/strong><br \/>\nSe vedh\u00e6ftede.<br \/>\nBeretningen blev godkendt.<br \/>\n<strong>3. Kassereren freml\u00e6gger lokalforeningens reviderede regnskab fra sidste kalender\u00e5r til <\/strong><strong>godkendelse<\/strong>:<br \/>\nDet reviderede regnskab var udsendt til medlemmerne den 27. februar med indkaldelsen til GF og<br \/>\nblev gennemg\u00e5et og godkendt.<br \/>\n<strong>4. Bestyrelsen freml\u00e6gger aktivitetsplan og budget for det kommende \u00e5r:<\/strong><br \/>\n16. august k\u00f8r-selv tur til Trapholt i Kolding, herefter spisning p\u00e5 \u201dDen gyldne hane\u201d, afsluttende<br \/>\nmed guidet bes\u00f8g i Den geografiske Have.<br \/>\n20 september: Efter\u00e5rsm\u00f8de: Kost og stomi, stomisygeplejerske Per Herlufsen fra Hvidovre<br \/>\nfort\u00e6ller om emnet \u2013 han har selv stomi og har skrevet en kogebog om emnet.<br \/>\n23. november: Julefrokost p\u00e5 Cafe Cosy i Hedensted.<br \/>\nBudget blev ligeledes fremlagt og godkendt med mindre \u00e6ndringer.<br \/>\n<strong>5. Indkomne forslag:<\/strong><br \/>\nDer var ikke indkommet nogle forslag.<br \/>\n<strong>6. Valg:<\/strong><br \/>\nValg af formand: Steen Samuelsen blev genvalgt.<br \/>\nValg af 2 bestyrelsesmedlemmer: Susanne Jakobsen blev genvalgt, Brian Poulsen blev valgt.<br \/>\nValg af 1 bestyrelsesmedlem for et \u00e5r: Lone Ravn blev genvalgt for 1 \u00e5r.<br \/>\nDer kunne ikke v\u00e6lges en suppleant, men bestyrelsen blev bemyndiget til selv at finde og inds\u00e6tte<br \/>\nen suppleant.<br \/>\nValg af revisor for et \u00e5r: Agda Larsen blev genvalgt.<br \/>\nValg af en revisorsuppleant for et \u00e5r: Mogens Bahnsen blev valgt.<br \/>\n<strong>7. Eventuelt<\/strong><br \/>\nDer blev snakket aldersgennemsnit i foreningen og om foryngelse.<br \/>\nDer blev snakket om sammens\u00e6tning af stomifaglige og sociale arrangementer.<br \/>\nHelle Johannesen tilb\u00f8d at unders\u00f8ge mulighederne for f\u00e6lles stomi-sv\u00f8mning.<br \/>\nDer blev n\u00e6vnt at en kommune ville l\u00e6gge loft over bevilling af stomiprodukter. Formanden tilb\u00f8d at<br \/>\nville hj\u00e6lpe med en afklaring med kommunen.<br \/>\nSteen Samuelsen oplyste, at han stopper som formand ved n\u00e6ste generalforsamling.<br \/>\nDirigenten afsluttede generalforsamlingen med at takke for god ro og orden.<\/p>\n<p><a href=\"https:\/\/copa.dk\/sydoestjylland\/wp-content\/uploads\/sites\/48\/2025\/04\/2025-Beretning-COPA-SOeJ.docx\">2025 Beretning COPA S\u00d8J<\/a><\/p>\n","protected":false},"excerpt":{"rendered":"<p>Referat fra Generalforsamling (GF) 15. marts 2025 kl. 11.00 i Sundhedshuset i Vejle 1. Valg af dirigent: Mogens Bahnsen blev foresl\u00e5et og valgt. 2. Formanden afl\u00e6gger beretning til godkendelse: Se &hellip; <a href=\"https:\/\/copa.dk\/sydoestjylland\/der-har-vaeret-afholdt-generalforsamling-for-2025\/\" class=\"more-link\">L\u00e6s videre<span class=\"screen-reader-text\"> &#8220;Der har v\u00e6ret afholdt generalforsamling for 2025&#8221;<\/span><\/a><\/p>\n","protected":false},"author":26453,"featured_media":0,"comment_status":"closed","ping_status":"closed","sticky":false,"template":"","format":"standard","meta":{"_acf_changed":false,"footnotes":"","_members_access_role":[],"_members_access_error":"","_links_to":"","_links_to_target":""},"categories":[13],"tags":[],"class_list":["post-1193","post","type-post","status-publish","format-standard","hentry","category-tidligere-nyheder"],"acf":[],"_links":{"self":[{"href":"https:\/\/copa.dk\/sydoestjylland\/wp-json\/wp\/v2\/posts\/1193","targetHints":{"allow":["GET"]}}],"collection":[{"href":"https:\/\/copa.dk\/sydoestjylland\/wp-json\/wp\/v2\/posts"}],"about":[{"href":"https:\/\/copa.dk\/sydoestjylland\/wp-json\/wp\/v2\/types\/post"}],"author":[{"embeddable":true,"href":"https:\/\/copa.dk\/sydoestjylland\/wp-json\/wp\/v2\/users\/26453"}],"replies":[{"embeddable":true,"href":"https:\/\/copa.dk\/sydoestjylland\/wp-json\/wp\/v2\/comments?post=1193"}],"version-history":[{"count":0,"href":"https:\/\/copa.dk\/sydoestjylland\/wp-json\/wp\/v2\/posts\/1193\/revisions"}],"wp:attachment":[{"href":"https:\/\/copa.dk\/sydoestjylland\/wp-json\/wp\/v2\/media?parent=1193"}],"wp:term":[{"taxonomy":"category","embeddable":true,"href":"https:\/\/copa.dk\/sydoestjylland\/wp-json\/wp\/v2\/categories?post=1193"},{"taxonomy":"post_tag","embeddable":true,"href":"https:\/\/copa.dk\/sydoestjylland\/wp-json\/wp\/v2\/tags?post=1193"}],"curies":[{"name":"wp","href":"https:\/\/api.w.org\/{rel}","templated":true}]}}