{"id":1168,"date":"2025-03-20T17:00:35","date_gmt":"2025-03-20T17:00:35","guid":{"rendered":"https:\/\/copa.dk\/sydoestjylland\/?p=1168"},"modified":"2025-09-30T06:48:11","modified_gmt":"2025-09-30T06:48:11","slug":"aarets-foerste-bestyrelsesmoede-2025","status":"publish","type":"post","link":"https:\/\/copa.dk\/sydoestjylland\/aarets-foerste-bestyrelsesmoede-2025\/","title":{"rendered":"\u00c5rets f\u00f8rste bestyrelsesm\u00f8de 2025"},"content":{"rendered":"<p><span data-contrast=\"none\">Referat af bestyrelsesm\u00f8de 12. marts 2025 ved Lone.\u00a0<\/span><span data-ccp-props=\"{&quot;201341983&quot;:0,&quot;335551550&quot;:1,&quot;335551620&quot;:1,&quot;335559685&quot;:10,&quot;335559737&quot;:0,&quot;335559738&quot;:0,&quot;335559739&quot;:133,&quot;335559740&quot;:271,&quot;335559991&quot;:10}\">\u00a0<\/span><\/p>\n<p><span data-contrast=\"none\">Deltagere: Steen Samuelsen, Lone Ravn. Afbud fra Susanne Jakobsen og Peter Bue Nielsen.\u00a0<\/span><span data-ccp-props=\"{&quot;201341983&quot;:0,&quot;335551550&quot;:1,&quot;335551620&quot;:1,&quot;335559685&quot;:10,&quot;335559737&quot;:0,&quot;335559738&quot;:0,&quot;335559739&quot;:131,&quot;335559740&quot;:271,&quot;335559991&quot;:10}\">\u00a0<\/span><\/p>\n<ol>\n<li style=\"list-style-type: none\">\n<ol>\n<li><span data-contrast=\"none\">Velkomst\u00a0<\/span><span data-ccp-props=\"{&quot;201341983&quot;:0,&quot;335551550&quot;:1,&quot;335551620&quot;:1,&quot;335559685&quot;:284,&quot;335559738&quot;:0,&quot;335559739&quot;:174,&quot;335559740&quot;:271,&quot;335559991&quot;:284}\">\u00a0<\/span><\/li>\n<li><span data-contrast=\"none\">Godkendelse af dagsorden<br \/>\nGodkendt. <\/span><span data-ccp-props=\"{&quot;201341983&quot;:0,&quot;335551550&quot;:1,&quot;335551620&quot;:1,&quot;335559685&quot;:284,&quot;335559738&quot;:0,&quot;335559739&quot;:131,&quot;335559740&quot;:271,&quot;335559991&quot;:284}\">\u00a0<\/span><\/li>\n<li><span data-contrast=\"none\">Underskrift af referat fra sidste bestyrelsesm\u00f8de<br \/>\nUdg\u00e5et da sekret\u00e6ren var sygemeldt. <\/span><span data-ccp-props=\"{&quot;201341983&quot;:0,&quot;335551550&quot;:1,&quot;335551620&quot;:1,&quot;335559685&quot;:284,&quot;335559738&quot;:0,&quot;335559739&quot;:12,&quot;335559740&quot;:271,&quot;335559991&quot;:284}\">\u00a0<\/span><\/li>\n<li><span data-contrast=\"none\">Gennemgang af opl\u00e6g til generalforsamling\u00a0<\/span><span data-ccp-props=\"{&quot;201341983&quot;:0,&quot;335551550&quot;:1,&quot;335551620&quot;:1,&quot;335559685&quot;:284,&quot;335559738&quot;:0,&quot;335559739&quot;:12,&quot;335559740&quot;:271,&quot;335559991&quot;:284}\"><br \/>\n<\/span><span data-contrast=\"none\">Formanden gennemgik l\u00e5neaftalen i Vejle Sundshedshus<br \/>\n<\/span><span data-contrast=\"none\">a.Dirigent<br \/>\n<\/span><span data-contrast=\"none\">Forslag: Mogens Bahnsen. Formanden kontakter Mogens for tilsagn<br \/>\nb. Beretning<br \/>\n<\/span><span data-contrast=\"none\">Beretningen blev gennemg\u00e5et med et nyt afsnit om r\u00e5dgivning. Godkendt<br \/>\n<\/span><span data-contrast=\"none\">c. Regnskab 2024<br \/>\n<\/span><span data-contrast=\"none\">Der henvises til sidste bestyrelsesm\u00f8de<br \/>\n<\/span><span data-contrast=\"none\">d. Aktivitetsplan og budget 2025<br \/>\n<\/span><span data-contrast=\"none\">Budgetforslag 2025 blev gennemg\u00e5et. Godkendt med bem\u00e6rkning om at sidste linje skal \u00e6ndres til: <strong>Forventet beholdning 31.12.2025<br \/>\n<\/strong><\/span><span data-contrast=\"none\">e. Indkomne forslag<br \/>\n<\/span><span data-contrast=\"none\">Der er ingen indkomne forslag<br \/>\n<\/span><span data-contrast=\"none\">f. Valg<br \/>\n<\/span><span data-contrast=\"none\">Formand: Steen er villig til genvalg<br \/>\n<\/span><span data-contrast=\"none\">2 bestyrelsesmedlemmer, 2 \u00e5r: Susanne er villig til genvalg, Brian Poulsen opstiller efter aftale med FM<br \/>\n<\/span><span data-contrast=\"none\">1 bestyrelsesmedlem, 1 \u00e5r: Lone villig til genvalg<br \/>\n<\/span><span data-contrast=\"none\">1 bestyrelsessuppleant, 1 \u00e5r: ?<br \/>\n<\/span><span data-contrast=\"none\">1 revisor, 1 \u00e5r: Agda er villig til genvalg<br \/>\n1 revisorsuppleant, 1 \u00e5r:\u00a0 Jytte M\u00f8ller? <\/span><span data-ccp-props=\"{&quot;201341983&quot;:0,&quot;335551550&quot;:1,&quot;335551620&quot;:1,&quot;335559685&quot;:576,&quot;335559737&quot;:5129,&quot;335559738&quot;:0,&quot;335559739&quot;:172,&quot;335559740&quot;:271,&quot;335559991&quot;:10}\">\u00a0<\/span><\/li>\n<li><span data-contrast=\"none\">Frokost<br \/>\na. <\/span><span data-contrast=\"none\">Tilmeldinger<br \/>\n<\/span><span data-contrast=\"none\">Der er 25 tilmeldte j\u00e6vnf\u00f8r bilag<br \/>\n<\/span><span data-contrast=\"none\">b. Menu<br \/>\n<\/span><span data-contrast=\"none\">Sandwich, indk\u00f8bes af Susanne. <\/span><span data-contrast=\"none\">Kage til kaffen, indk\u00f8bes af Lone<br \/>\nc. <\/span><span data-contrast=\"none\">Drikkevarer<br \/>\n<\/span><span data-contrast=\"none\">Steen indk\u00f8ber vand og sodavand<br \/>\n<\/span><span data-contrast=\"none\">Steen s\u00f8rger for kaffe og te, sukker og fl\u00f8de<br \/>\n<\/span><span data-contrast=\"none\">d. Service<br \/>\n<\/span><span data-contrast=\"none\">Steen indk\u00f8ber p\u00f8lsebakker, servietter, krus og engangsservice\u00a0<\/span><span data-ccp-props=\"{&quot;201341983&quot;:0,&quot;335551550&quot;:1,&quot;335551620&quot;:1,&quot;335559685&quot;:576,&quot;335559737&quot;:0,&quot;335559738&quot;:0,&quot;335559739&quot;:12,&quot;335559740&quot;:271,&quot;335559991&quot;:10}\">\u00a0<\/span><\/li>\n<li><span data-contrast=\"none\">Foredrag<br \/>\n<\/span><span data-contrast=\"none\">Foredragsholder Morten Spaab\u00e6k Dippel<br \/>\n<\/span><span data-contrast=\"none\">Susanne indk\u00f8ber vingave, Steen medbringer K\u00e6ngurugave\u00a0<\/span><span data-ccp-props=\"{&quot;201341983&quot;:0,&quot;335551550&quot;:1,&quot;335551620&quot;:1,&quot;335559685&quot;:278,&quot;335559737&quot;:0,&quot;335559738&quot;:0,&quot;335559739&quot;:12,&quot;335559740&quot;:271,&quot;335559991&quot;:10}\">\u00a0<\/span><\/li>\n<li><span data-contrast=\"none\">Gaver<br \/>\n<\/span><span data-contrast=\"none\">Susanne indk\u00f8ber vingave til Tove, og Steen medbringer k\u00e6ngurugave. Steen medbringer k\u00e6ngurugave til dirigent.\u00a0<\/span><span data-ccp-props=\"{&quot;201341983&quot;:0,&quot;335551550&quot;:1,&quot;335551620&quot;:1,&quot;335559685&quot;:278,&quot;335559737&quot;:1890,&quot;335559738&quot;:0,&quot;335559739&quot;:12,&quot;335559740&quot;:271,&quot;335559991&quot;:10}\">\u00a0<\/span><\/li>\n<li><span data-contrast=\"none\">Eventuelt<br \/>\n<\/span><span data-contrast=\"none\">Hvad kan vi g\u00f8re for at aktivere vores medlemmer?<br \/>\n<\/span><span data-contrast=\"none\">Hvordan kan vi forynge foreningen?\u00a0<\/span><span data-ccp-props=\"{&quot;201341983&quot;:0,&quot;335551550&quot;:1,&quot;335551620&quot;:1,&quot;335559685&quot;:278,&quot;335559737&quot;:0,&quot;335559738&quot;:0,&quot;335559739&quot;:12,&quot;335559740&quot;:271,&quot;335559991&quot;:10}\">\u00a0<\/span><\/li>\n<\/ol>\n<\/li>\n<\/ol>\n<p style=\"padding-left: 40px\">\n","protected":false},"excerpt":{"rendered":"<p>Referat af bestyrelsesm\u00f8de 12. marts 2025 ved Lone.\u00a0\u00a0 Deltagere: Steen Samuelsen, Lone Ravn. Afbud fra Susanne Jakobsen og Peter Bue Nielsen.\u00a0\u00a0 Velkomst\u00a0\u00a0 Godkendelse af dagsorden Godkendt. \u00a0 Underskrift af referat &hellip; <a href=\"https:\/\/copa.dk\/sydoestjylland\/aarets-foerste-bestyrelsesmoede-2025\/\" class=\"more-link\">L\u00e6s videre<span class=\"screen-reader-text\"> &#8220;\u00c5rets f\u00f8rste bestyrelsesm\u00f8de 2025&#8221;<\/span><\/a><\/p>\n","protected":false},"author":26453,"featured_media":0,"comment_status":"closed","ping_status":"closed","sticky":false,"template":"","format":"standard","meta":{"_acf_changed":false,"footnotes":"","_members_access_role":[],"_members_access_error":"","_links_to":"","_links_to_target":""},"categories":[13],"tags":[],"class_list":["post-1168","post","type-post","status-publish","format-standard","hentry","category-tidligere-nyheder"],"acf":[],"_links":{"self":[{"href":"https:\/\/copa.dk\/sydoestjylland\/wp-json\/wp\/v2\/posts\/1168","targetHints":{"allow":["GET"]}}],"collection":[{"href":"https:\/\/copa.dk\/sydoestjylland\/wp-json\/wp\/v2\/posts"}],"about":[{"href":"https:\/\/copa.dk\/sydoestjylland\/wp-json\/wp\/v2\/types\/post"}],"author":[{"embeddable":true,"href":"https:\/\/copa.dk\/sydoestjylland\/wp-json\/wp\/v2\/users\/26453"}],"replies":[{"embeddable":true,"href":"https:\/\/copa.dk\/sydoestjylland\/wp-json\/wp\/v2\/comments?post=1168"}],"version-history":[{"count":0,"href":"https:\/\/copa.dk\/sydoestjylland\/wp-json\/wp\/v2\/posts\/1168\/revisions"}],"wp:attachment":[{"href":"https:\/\/copa.dk\/sydoestjylland\/wp-json\/wp\/v2\/media?parent=1168"}],"wp:term":[{"taxonomy":"category","embeddable":true,"href":"https:\/\/copa.dk\/sydoestjylland\/wp-json\/wp\/v2\/categories?post=1168"},{"taxonomy":"post_tag","embeddable":true,"href":"https:\/\/copa.dk\/sydoestjylland\/wp-json\/wp\/v2\/tags?post=1168"}],"curies":[{"name":"wp","href":"https:\/\/api.w.org\/{rel}","templated":true}]}}