{"id":1062,"date":"2024-03-28T11:37:47","date_gmt":"2024-03-28T11:37:47","guid":{"rendered":"https:\/\/copa.dk\/sydoestjylland\/?p=1062"},"modified":"2025-03-20T15:51:43","modified_gmt":"2025-03-20T15:51:43","slug":"saa-har-der-vaeret-afholdt-bestyrelsesmoede","status":"publish","type":"post","link":"https:\/\/copa.dk\/sydoestjylland\/saa-har-der-vaeret-afholdt-bestyrelsesmoede\/","title":{"rendered":"S\u00e5 har der v\u00e6ret afholdt bestyrelsesm\u00f8de&#8230;"},"content":{"rendered":"<p><strong>240320 Bestyrelsesm\u00f8de<\/strong><\/p>\n<p>&nbsp;<\/p>\n<p><strong>\u00a0\u00a0\u00a0\u00a0\u00a0\u00a0\u00a0\u00a0\u00a0\u00a0\u00a0\u00a0\u00a0\u00a0\u00a0\u00a0\u00a0\u00a0\u00a0\u00a0\u00a0 Dagsorden<\/strong><\/p>\n<ol>\n<li>Velkomst<\/li>\n<li>Godkendelse af dagsorden<\/li>\n<li>Underskrift af referater<\/li>\n<li>Konstituering og godkendelse af forretningsorden<\/li>\n<li>Orientering fra kassereren<\/li>\n<li>Ni emner\u2026<\/li>\n<li>Kommende aktiviteter<\/li>\n<li>N\u00e6ste m\u00f8de<\/li>\n<li>Eventuelt<\/li>\n<\/ol>\n<p>&nbsp;<\/p>\n<p>Deltagere: Steen Samuelsen, Susanne Jakobsen og Lone Ravn.<\/p>\n<ol>\n<li><strong>Velkomst<\/strong><br \/>\nPeter Bue Nielsen har meldt afbud<\/li>\n<\/ol>\n<p>&nbsp;<\/p>\n<ol start=\"2\">\n<li><strong>Godkendelse af dagsorden<br \/>\n<\/strong>Formanden \u00f8nskede at f\u00e5 indf\u00f8rt \u201dOrientering fra formanden mellem pkt. 4 og pkt. 5, Godkendt<\/li>\n<\/ol>\n<p>&nbsp;<\/p>\n<ol start=\"3\">\n<li><strong>Underskrift af referater<\/strong><\/li>\n<\/ol>\n<p>Referater fra sidste bestyrelsesm\u00f8de og generalforsamling blev underskrevet.<\/p>\n<ol start=\"4\">\n<li><strong>Konstituering og godkendelse af forretningsorden<br \/>\n<\/strong>Konstituering blev foretaget s\u00e5ledes:<br \/>\n&#8211; n\u00e6stformand vakant<br \/>\n&#8211; sekret\u00e6r Peter Bue Nielsen<br \/>\n&#8211; kasserer Susanne Jakobsen<br \/>\n&#8211; bestyrelsesmedlem Lone N. Ravn<br \/>\nOpgavefordeling i henhold til bestyrelsens forretningsorden.<br \/>\nLone har opgaven med opdatering af hjemmesiden.Forretningsorden forretningsordenen blev gennemg\u00e5et, godkendt og underskrevet.<\/li>\n<\/ol>\n<p>&nbsp;<\/p>\n<p>&nbsp;<\/p>\n<ol>\n<li><strong> Orientering fra formanden<\/strong><\/li>\n<\/ol>\n<p>&nbsp;<\/p>\n<p>M\u00f8de med Kolding kommune 7\/3<\/p>\n<p>M\u00f8de med Horsens kommune 12\/3, \u00f8nsker stomiSYPL i alle kommuner<\/p>\n<p>\u00c5rsm\u00f8de DH Vejle 12\/3<\/p>\n<p>\u00c5rsm\u00f8de DH Hedensted18\/3 ikke deltaget<\/p>\n<p>\u00c5rsm\u00f8de DH Horsens 19\/3 sammen med Grith Roldsgaard<\/p>\n<p>Opslag\u00a0 p\u00e5 FB om nye r\u00e5dgivere, et meget positivt svar<\/p>\n<p><em>\u00a0<\/em><\/p>\n<p><em>Kommende aktiviteter:<br \/>\nM\u00f8de med Hedensted Kommune\u00a0 4\/4<br \/>\nM\u00f8de med Fredericia Kommune 29\/5<\/em><\/p>\n<p><em>\u00c5rsm\u00f8de DH Kolding\u00a0\u00a0 8\/4<\/em><\/p>\n<p><em>HB m\u00f8de 4\/4<\/em><\/p>\n<p>&nbsp;<\/p>\n<p>&nbsp;<\/p>\n<ol start=\"5\">\n<li><strong>Orientering fra kassereren<\/strong><\/li>\n<\/ol>\n<p>Bankaftale f\u00e6rdig og fungerer.<\/p>\n<p>Kassebeholdning 14000 kr<\/p>\n<p>&nbsp;<\/p>\n<p>K\u00f8rsel i forbindelse med r\u00e5dgivning d\u00e6kkes af COPA DK<\/p>\n<p>&nbsp;<\/p>\n<p>Administrationsd\u00e6kning kr. 500 udbetales for 2023 til gl. bestyrelse.<\/p>\n<p>&nbsp;<\/p>\n<ol start=\"6\">\n<li><strong>Ni emner\u2026<\/strong><\/li>\n<\/ol>\n<p>Avisartikel om \u201dNi emner enhver bestyrelse b\u00f8r tage p\u00e5 agendaen\u201d var fordelt inden m\u00f8det<\/p>\n<p>Hvad kan vi l\u00e6re af artiklen?<br \/>\nHvad kan vi bruge dem til?<br \/>\nHvordan kan vi omforme det til vores situation og brug?<\/p>\n<p>&nbsp;<\/p>\n<ol>\n<li>Omskrevet til en forening p\u00e5 vores niveau var konklusionen f\u00f8lgende:<br \/>\nMarked og kunder<\/p>\n<ol>\n<li>Hvordan udvikler markedet\/lokalsamfundet sig, herunder sundhedsv\u00e6senet?<\/li>\n<li>Trends<\/li>\n<li>Kundernes (medlemmernes) verden og behov<\/li>\n<\/ol>\n<\/li>\n<li>ESG (Environment, Social og Governance = Omgivelser, samfund og ledelse)\n<ol>\n<li>Hvilket milj\u00f8 skal vi have i foreningen, indad til og udad til?<\/li>\n<li>Hvilket f\u00e6llesskab kan vi skabe i foreningen?<\/li>\n<li>Bestyrelsens ledelsesform, synlighed og n\u00e6rhed i forhold til medlemmerne<\/li>\n<\/ol>\n<\/li>\n<li>AI (Kunstig intelligens)<br \/>\nHos os i f\u00f8rste omgang anvendelse af IT i foreningsarbejdet, b\u00e5de administrativt og kommunikativt.<br \/>\nV\u00e6r opm\u00e6rksom p\u00e5 privatliv, kontrol, snyd\/falskhed\/bedrag, forudfattet meninger.<\/li>\n<li>Cybersikkerhed<br \/>\nDatasikkerhed, GPDR, trusler.<\/li>\n<li>Geopolitik<br \/>\nFor vores vedkommende, hvordan h\u00e5ndterer vi at skulle d\u00e6kke fem kommuner og tre sygehuse.<\/li>\n<li>Logistik<br \/>\nHvordan laver vi aktiviteter, der tilgodeser vores medlemmer, n\u00e5r de er geografisk spredt over fem kommuner.<\/li>\n<li>\u00d8konomi<br \/>\n\u00d8konomien skal v\u00e6re fremsynet, og aktivitetsplan\/ans\u00f8gning om midler skal v\u00e6re fremadrettet over flere \u00e5r.<\/li>\n<li>Talentudvikling<br \/>\nDet er vigtigt, at vi f\u00e5r forynget foreningen ved optagelse af flere yngre medlemmer.<br \/>\nDisse yngre medlemmer skal ogs\u00e5 v\u00e6re dem, der udvikles til nye r\u00e5dgivere og kommende bestyrelsesmedlemmer.<\/li>\n<li>Kultur og ledelse<br \/>\nBestyrelsen, f\u00f8rst og fremmest formand og n\u00e6stformand, skal v\u00e6re synlige i de offentlige medier og ved myndigheder, samt indledningsvis i stomirelevante Facebookgrupper og andre netmedier.<br \/>\nBestyrelsen skal gennem det daglige arbejde s\u00f8ge at blive kendte og n\u00e6rv\u00e6rende for medlemmerne.<\/li>\n<\/ol>\n<p>&nbsp;<\/p>\n<p>&nbsp;<\/p>\n<ol start=\"7\">\n<li><strong> Kommende aktiviteter<\/strong><\/li>\n<\/ol>\n<p>&nbsp;<\/p>\n<p>Aktivitetskalender med kommune-rotation:<\/p>\n<p>&nbsp;<\/p>\n<table width=\"671\">\n<tbody>\n<tr>\n<td width=\"46\"><strong>\u00c5r<\/strong><\/td>\n<td width=\"161\"><strong>GF\/for\u00e5rsm\u00f8de<\/strong><\/p>\n<p>Uge 9<\/td>\n<td width=\"151\"><strong>Udflugt<\/strong><\/p>\n<p>Uge 34<\/td>\n<td width=\"151\"><strong>Efter\u00e5rsm\u00f8de<\/strong><\/p>\n<p>Uge 38<\/td>\n<td width=\"161\"><strong>Julefrokost<\/strong><\/p>\n<p>Uge 47<\/td>\n<\/tr>\n<tr>\n<td width=\"46\"><strong>2024<\/strong><\/p>\n<p><strong>\u00a0<\/strong><\/p>\n<p><strong>\u00a0<\/strong><\/td>\n<td width=\"161\">&nbsp;<\/p>\n<p>&nbsp;<\/p>\n<p>&nbsp;<\/p>\n<p>&nbsp;<\/td>\n<td width=\"151\">&nbsp;<\/p>\n<p>Vejle<\/p>\n<p>KB-hus<\/p>\n<p>Fjordenhus<\/td>\n<td width=\"151\">l\u00f8. 21\/9<\/p>\n<p>Kolding<\/p>\n<p>KB-hus<br \/>\nRejs med stomi<\/td>\n<td width=\"161\">&nbsp;<\/p>\n<p>Horsens<\/td>\n<\/tr>\n<tr>\n<td width=\"46\"><strong>2025<\/strong><\/p>\n<p><strong>\u00a0<\/strong><\/p>\n<p><strong>\u00a0<\/strong><\/td>\n<td width=\"161\">&nbsp;<\/p>\n<p>Vejle<\/p>\n<p>&nbsp;<\/p>\n<p>&nbsp;<\/td>\n<td width=\"151\"><\/td>\n<td width=\"151\">&nbsp;<\/p>\n<p>Fredericia<\/p>\n<p>Sundhedshuset<\/td>\n<td width=\"161\">&nbsp;<\/p>\n<p>Hedensted<\/td>\n<\/tr>\n<tr>\n<td width=\"46\"><strong>2026<\/strong><\/p>\n<p><strong>\u00a0<\/strong><\/p>\n<p><strong>\u00a0<\/strong><\/td>\n<td width=\"161\">&nbsp;<\/p>\n<p>Kolding<\/p>\n<p>&nbsp;<\/p>\n<p>&nbsp;<\/td>\n<td width=\"151\"><\/td>\n<td width=\"151\">&nbsp;<\/p>\n<p>Horsens<\/td>\n<td width=\"161\">&nbsp;<\/p>\n<p>Vejle<\/td>\n<\/tr>\n<tr>\n<td width=\"46\"><strong>2027<\/strong><\/p>\n<p><strong>\u00a0<\/strong><\/p>\n<p><strong>\u00a0<\/strong><\/td>\n<td width=\"161\">&nbsp;<\/p>\n<p>Fredericia<\/p>\n<p>Sundhedshuset<\/p>\n<p>&nbsp;<\/p>\n<p>&nbsp;<\/td>\n<td width=\"151\"><\/td>\n<td width=\"151\">&nbsp;<\/p>\n<p>Hedensted<\/td>\n<td width=\"161\">&nbsp;<\/p>\n<p>Kolding<\/td>\n<\/tr>\n<tr>\n<td width=\"46\"><strong>2028<\/strong><\/p>\n<p><strong>\u00a0<\/strong><\/p>\n<p><strong>\u00a0<\/strong><\/td>\n<td width=\"161\">&nbsp;<\/p>\n<p>Horsens<\/p>\n<p>&nbsp;<\/p>\n<p>&nbsp;<\/td>\n<td width=\"151\"><\/td>\n<td width=\"151\">&nbsp;<\/p>\n<p>Vejle<\/td>\n<td width=\"161\">&nbsp;<\/p>\n<p>Fredericia<\/p>\n<p>&nbsp;<\/td>\n<\/tr>\n<tr>\n<td width=\"46\"><strong>2029<\/strong><\/p>\n<p><strong>\u00a0<\/strong><\/p>\n<p><strong>\u00a0<\/strong><\/p>\n<p><strong>\u00a0<\/strong><\/td>\n<td width=\"161\">&nbsp;<\/p>\n<p>Hedensted<\/td>\n<td width=\"151\"><\/td>\n<td width=\"151\">&nbsp;<\/p>\n<p>Kolding<\/td>\n<td width=\"161\">&nbsp;<\/p>\n<p>Horsens<\/td>\n<\/tr>\n<tr>\n<td width=\"46\"><strong>2030<\/strong><\/p>\n<p><strong>\u00a0<\/strong><\/p>\n<p><strong>\u00a0<\/strong><\/p>\n<p><strong>\u00a0<\/strong><\/td>\n<td width=\"161\">&nbsp;<\/p>\n<p>Vejle<\/td>\n<td width=\"151\">&nbsp;<\/p>\n<p>&nbsp;<\/td>\n<td width=\"151\">&nbsp;<\/p>\n<p>Fredericia<\/td>\n<td width=\"161\">&nbsp;<\/p>\n<p>Hedensted<\/td>\n<\/tr>\n<tr>\n<td width=\"46\"><strong>2031<\/strong><\/p>\n<p><strong>\u00a0<\/strong><\/p>\n<p><strong>\u00a0<\/strong><\/p>\n<p><strong>\u00a0<\/strong><\/td>\n<td width=\"161\">&nbsp;<\/p>\n<p>Kolding<\/td>\n<td width=\"151\"><\/td>\n<td width=\"151\">&nbsp;<\/p>\n<p>Horsens<\/td>\n<td width=\"161\">&nbsp;<\/p>\n<p>Vejle<\/td>\n<\/tr>\n<tr>\n<td width=\"46\"><strong>2032<\/strong><\/p>\n<p><strong>\u00a0<\/strong><\/p>\n<p><strong>\u00a0<\/strong><\/p>\n<p><strong>\u00a0<\/strong><\/td>\n<td width=\"161\">&nbsp;<\/p>\n<p>Fredericia<\/td>\n<td width=\"151\"><\/td>\n<td width=\"151\">&nbsp;<\/p>\n<p>Hedensted<\/td>\n<td width=\"161\">&nbsp;<\/p>\n<p>Kolding<\/td>\n<\/tr>\n<\/tbody>\n<\/table>\n<p>Aktivitetsplanl\u00e6gningen skal v\u00e6re fremsynet, 1 til 1\u00bd \u00e5r, s\u00e5 der kan s\u00f8ges \u00a7 18 midler til alle aktiviteter undtagen julefrokost.<br \/>\nAns\u00f8gningsfrister \u00a7 18:<br \/>\n&#8211; Horsens, medio november<br \/>\n&#8211; Hedensted, primo november<br \/>\n&#8211; Vejle, primo september<\/p>\n<p>&#8211; Fredericia, medio september<\/p>\n<p>&#8211; Kolding, 1. august<\/p>\n<p>&nbsp;<\/p>\n<p>V\u00e6r opm\u00e6rksom p\u00e5 frister for optagelse i COPA bladet<\/p>\n<p>&nbsp;<\/p>\n<p>&nbsp;<\/p>\n<ol start=\"8\">\n<li><strong>N\u00e6ste m\u00f8de<\/strong><\/li>\n<\/ol>\n<p>&nbsp;<\/p>\n<ol start=\"15\">\n<li>maj kl. 1900 ved Lone<\/li>\n<\/ol>\n<p>&nbsp;<\/p>\n<ol start=\"9\">\n<li><strong>Eventuelt<\/strong><\/li>\n<\/ol>\n<p>Intet.<\/p>\n<p>&nbsp;<\/p>\n<p>&nbsp;<\/p>\n<p>&nbsp;<\/p>\n<p>&nbsp;<\/p>\n<p>Steen Samuelsen\u00a0\u00a0\u00a0\u00a0\u00a0\u00a0\u00a0\u00a0\u00a0\u00a0\u00a0\u00a0\u00a0\u00a0\u00a0\u00a0\u00a0\u00a0\u00a0\u00a0\u00a0\u00a0\u00a0\u00a0\u00a0\u00a0\u00a0\u00a0\u00a0\u00a0\u00a0\u00a0\u00a0\u00a0\u00a0\u00a0\u00a0\u00a0\u00a0\u00a0\u00a0\u00a0\u00a0\u00a0\u00a0\u00a0\u00a0\u00a0\u00a0\u00a0\u00a0\u00a0\u00a0\u00a0\u00a0 Susanne Jakobsen<\/p>\n<p>Formand\u00a0\u00a0\u00a0\u00a0\u00a0\u00a0\u00a0\u00a0\u00a0\u00a0\u00a0\u00a0\u00a0\u00a0\u00a0\u00a0\u00a0\u00a0\u00a0\u00a0\u00a0\u00a0\u00a0\u00a0\u00a0\u00a0\u00a0\u00a0\u00a0\u00a0\u00a0\u00a0\u00a0\u00a0\u00a0\u00a0\u00a0\u00a0\u00a0\u00a0\u00a0\u00a0\u00a0\u00a0\u00a0\u00a0\u00a0\u00a0\u00a0\u00a0\u00a0\u00a0\u00a0\u00a0\u00a0\u00a0\u00a0\u00a0\u00a0\u00a0\u00a0\u00a0\u00a0\u00a0\u00a0\u00a0\u00a0\u00a0\u00a0 Kasserer<\/p>\n<p>Referent<\/p>\n<p>&nbsp;<\/p>\n<p>&nbsp;<\/p>\n<p>&nbsp;<\/p>\n<p>&nbsp;<\/p>\n<p>Lone N. Ravn<\/p>\n<p>Bestyrelsesmedlem<\/p>\n","protected":false},"excerpt":{"rendered":"<p>240320 Bestyrelsesm\u00f8de &nbsp; \u00a0\u00a0\u00a0\u00a0\u00a0\u00a0\u00a0\u00a0\u00a0\u00a0\u00a0\u00a0\u00a0\u00a0\u00a0\u00a0\u00a0\u00a0\u00a0\u00a0\u00a0 Dagsorden Velkomst Godkendelse af dagsorden Underskrift af referater Konstituering og godkendelse af forretningsorden Orientering fra kassereren Ni emner\u2026 Kommende aktiviteter N\u00e6ste m\u00f8de Eventuelt &nbsp; Deltagere: Steen &hellip; <a href=\"https:\/\/copa.dk\/sydoestjylland\/saa-har-der-vaeret-afholdt-bestyrelsesmoede\/\" class=\"more-link\">L\u00e6s videre<span class=\"screen-reader-text\"> &#8220;S\u00e5 har der v\u00e6ret afholdt bestyrelsesm\u00f8de&#8230;&#8221;<\/span><\/a><\/p>\n","protected":false},"author":21320,"featured_media":0,"comment_status":"closed","ping_status":"closed","sticky":false,"template":"","format":"standard","meta":{"_acf_changed":false,"footnotes":"","_members_access_role":[],"_members_access_error":"","_links_to":"","_links_to_target":""},"categories":[13],"tags":[],"class_list":["post-1062","post","type-post","status-publish","format-standard","hentry","category-tidligere-nyheder"],"acf":[],"_links":{"self":[{"href":"https:\/\/copa.dk\/sydoestjylland\/wp-json\/wp\/v2\/posts\/1062","targetHints":{"allow":["GET"]}}],"collection":[{"href":"https:\/\/copa.dk\/sydoestjylland\/wp-json\/wp\/v2\/posts"}],"about":[{"href":"https:\/\/copa.dk\/sydoestjylland\/wp-json\/wp\/v2\/types\/post"}],"author":[{"embeddable":true,"href":"https:\/\/copa.dk\/sydoestjylland\/wp-json\/wp\/v2\/users\/21320"}],"replies":[{"embeddable":true,"href":"https:\/\/copa.dk\/sydoestjylland\/wp-json\/wp\/v2\/comments?post=1062"}],"version-history":[{"count":0,"href":"https:\/\/copa.dk\/sydoestjylland\/wp-json\/wp\/v2\/posts\/1062\/revisions"}],"wp:attachment":[{"href":"https:\/\/copa.dk\/sydoestjylland\/wp-json\/wp\/v2\/media?parent=1062"}],"wp:term":[{"taxonomy":"category","embeddable":true,"href":"https:\/\/copa.dk\/sydoestjylland\/wp-json\/wp\/v2\/categories?post=1062"},{"taxonomy":"post_tag","embeddable":true,"href":"https:\/\/copa.dk\/sydoestjylland\/wp-json\/wp\/v2\/tags?post=1062"}],"curies":[{"name":"wp","href":"https:\/\/api.w.org\/{rel}","templated":true}]}}