{"id":1111,"date":"2021-01-27T10:36:34","date_gmt":"2021-01-27T10:36:34","guid":{"rendered":"https:\/\/copa.dk\/frederiksborg\/?p=1111"},"modified":"2021-10-13T17:56:47","modified_gmt":"2021-10-13T17:56:47","slug":"kaere-medlemmer","status":"publish","type":"post","link":"https:\/\/copa.dk\/nordsjaelland\/kaere-medlemmer\/","title":{"rendered":"K\u00e6re Medlemmer"},"content":{"rendered":"<p>Jeg har ringet rundt til alle dem der havde meldt sig til vores<br \/>\njulefrokost og generalforsamling d. 28\/11-2020 for at<br \/>\nfort\u00e6lle dem, at vi igen har v\u00e6ret n\u00f8dt til at aflyse vores<br \/>\ngeneralforsamling, og at vi ikke kan holde vores \u00e5rlige<br \/>\njulefrokost, da vi stadig har COVID-19 h\u00e6ngende over<br \/>\nhovedet p\u00e5 os alle med h\u00f8je smitte tal.<\/p>\n<p>S\u00e5 \u00e5ret 2020 vil nok ikke blive glemt lige med det<br \/>\nsamme. For lokalforeningen har det v\u00e6ret et \u00e5r uden<br \/>\ngeneralforsamling og en tur til S\u00f8nderjylland som heller<br \/>\nikke kunne gennemf\u00f8res som planlagt, og s\u00e5 ikke mindst<br \/>\nheller ingen julefrokost, som vi havde gl\u00e6det os til.<\/p>\n<p>Der var et par stykker i bestyrelsen, som havde meldt ud, at<br \/>\nde gerne ville stoppe med bestyrelsesarbejdet, da de har<br \/>\nv\u00e6ret i bestyrelsen i en del \u00e5r, men som har m\u00e5ttet tage<br \/>\net \u00e5r mere.<\/p>\n<p>Vi h\u00e5ber nu at vi kan komme til at holde den \u00e5rlige generalforsamling i marts m\u00e5ned 2021, s\u00e5ledes at de der ikke \u00f8nsker at fors\u00e6tte kan tr\u00e6de ud, og at vi kan f\u00e5 nogle nye friske medlemmer ind i bestyrelsen.<\/p>\n<p>Vi forventer, at den nuv\u00e6rende situation vil blive bedre, s\u00e5 generalforsamlingen kan afholdes l\u00f8rdag den 13. marts 2021.<br \/>\nVores generalforsamling bliver lidt anderledes, for hele bestyrelsen er p\u00e5 valg, da 2020 generalforsamlingen grundet pandemien og forsamlingsforbuddet ikke kunne<br \/>\ngennemf\u00f8res.<\/p>\n","protected":false},"excerpt":{"rendered":"<p>Jeg har ringet rundt til alle dem der havde meldt sig til vores julefrokost og generalforsamling d. 28\/11-2020 for at fort\u00e6lle dem, at vi igen har v\u00e6ret n\u00f8dt til at &hellip; <a href=\"https:\/\/copa.dk\/nordsjaelland\/kaere-medlemmer\/\" class=\"more-link\">L\u00e6s videre<span class=\"screen-reader-text\"> &#8220;K\u00e6re Medlemmer&#8221;<\/span><\/a><\/p>\n","protected":false},"author":1,"featured_media":756,"comment_status":"closed","ping_status":"closed","sticky":false,"template":"","format":"standard","meta":{"_acf_changed":false,"footnotes":"","_members_access_role":[],"_members_access_error":"","_links_to":"","_links_to_target":""},"categories":[13],"tags":[],"class_list":["post-1111","post","type-post","status-publish","format-standard","has-post-thumbnail","hentry","category-tidligere-nyheder"],"acf":[],"_links":{"self":[{"href":"https:\/\/copa.dk\/nordsjaelland\/wp-json\/wp\/v2\/posts\/1111","targetHints":{"allow":["GET"]}}],"collection":[{"href":"https:\/\/copa.dk\/nordsjaelland\/wp-json\/wp\/v2\/posts"}],"about":[{"href":"https:\/\/copa.dk\/nordsjaelland\/wp-json\/wp\/v2\/types\/post"}],"author":[{"embeddable":true,"href":"https:\/\/copa.dk\/nordsjaelland\/wp-json\/wp\/v2\/users\/1"}],"replies":[{"embeddable":true,"href":"https:\/\/copa.dk\/nordsjaelland\/wp-json\/wp\/v2\/comments?post=1111"}],"version-history":[{"count":0,"href":"https:\/\/copa.dk\/nordsjaelland\/wp-json\/wp\/v2\/posts\/1111\/revisions"}],"wp:featuredmedia":[{"embeddable":true,"href":"https:\/\/copa.dk\/nordsjaelland\/wp-json\/wp\/v2\/media\/756"}],"wp:attachment":[{"href":"https:\/\/copa.dk\/nordsjaelland\/wp-json\/wp\/v2\/media?parent=1111"}],"wp:term":[{"taxonomy":"category","embeddable":true,"href":"https:\/\/copa.dk\/nordsjaelland\/wp-json\/wp\/v2\/categories?post=1111"},{"taxonomy":"post_tag","embeddable":true,"href":"https:\/\/copa.dk\/nordsjaelland\/wp-json\/wp\/v2\/tags?post=1111"}],"curies":[{"name":"wp","href":"https:\/\/api.w.org\/{rel}","templated":true}]}}